{"id":117,"date":"2026-03-13T21:32:02","date_gmt":"2026-03-13T20:32:02","guid":{"rendered":"https:\/\/le30.info\/?p=117"},"modified":"2026-03-13T21:32:16","modified_gmt":"2026-03-13T20:32:16","slug":"thibaut-legube-veut-la-fin-de-limmobilisme-et-reinventer-chauvigny","status":"publish","type":"post","link":"https:\/\/le30.info\/index.php\/2026\/03\/13\/thibaut-legube-veut-la-fin-de-limmobilisme-et-reinventer-chauvigny\/","title":{"rendered":"Thibaut Legube veut \u00ab la fin de l\u2019immobilisme \u00bbet r\u00e9inventer Chauvigny"},"content":{"rendered":"\n<p><em>Thibaut Legube conseiller municipal d\u2019opposition \u00e0 Chauvigny, conduit une liste d\u2019union de la gauche \u00ab R\u00e9inventons Chauvigny \u00bb qui pourrait ravir la maire \u00e0 la droite r\u00e9publicaine, qui gouverne la ville depuis plus de 40 ans. Avec une \u00e9quipe renouvel\u00e9e, la gauche Chauvinoise a pr\u00e9sent\u00e9 des v\u0153ux combatifs le 17 janvier. \u00c0 peine lanc\u00e9e, notre cha\u00eene Instagram Poitou Presse y a \u00e9t\u00e9 convi\u00e9e, preuve de notre audience grandissante ! (vous pouvez retrouver la vid\u00e9o sur la cha\u00eene Instagram Poitou Presse ou la cha\u00eene Youtube Ventre Presse). Petit zoom sur la probable future \u00e9quipe municipale du deuxi\u00e8me p\u00f4le de la communaut\u00e9 d\u2019agglom\u00e9ration de Poitiers et ses propositions.<\/em><\/p>\n\n\n\n<figure class=\"wp-block-image size-large is-resized\"><img fetchpriority=\"high\" decoding=\"async\" width=\"1024\" height=\"418\" src=\"https:\/\/le30.info\/wp-content\/uploads\/2026\/03\/Capture-decran-2026-03-13-213054-1024x418.jpg\" alt=\"\" class=\"wp-image-118\" style=\"width:800px;height:auto\" srcset=\"https:\/\/le30.info\/wp-content\/uploads\/2026\/03\/Capture-decran-2026-03-13-213054-1024x418.jpg 1024w, https:\/\/le30.info\/wp-content\/uploads\/2026\/03\/Capture-decran-2026-03-13-213054-300x122.jpg 300w, https:\/\/le30.info\/wp-content\/uploads\/2026\/03\/Capture-decran-2026-03-13-213054-768x314.jpg 768w, https:\/\/le30.info\/wp-content\/uploads\/2026\/03\/Capture-decran-2026-03-13-213054.jpg 1352w\" sizes=\"(max-width: 1024px) 100vw, 1024px\" \/><\/figure>\n\n\n\n<p>17 janvier, encore la p\u00e9riode des galettes des rois et l\u2019\u00e9pisode glacial de ce d\u00e9but janvier qui terminait \u00e0 peine. Alors que le<br>march\u00e9 de Chauvigny battait son plein et semblait tr\u00e8s anim\u00e9, comme \u00e0 l\u2019accoutum\u00e9e, une ambiance beaucoup plus<br>sobre avait lieu dans la salle d\u2019honneur de la mairie de Chauvigny.<\/p>\n\n\n\n<p>Thibault Legube, 48 ans, conseiller municipal d\u2019opposition sortant, ouvre la r\u00e9union, entour\u00e9 de ses colistiers et colisti\u00e8res et  entame un discours introductif. Les mots employ\u00e9s dans les premi\u00e8res minutes paraissent un petit peu fades et quelques concepts<br>banals un peu al\u00e9atoirement encha\u00een\u00e9s qui auraient tr\u00e8s bien pu \u00eatre prononc\u00e9s par n\u2019importe quel responsable politique de n\u2019importe quel bord. S\u2019est-il senti oblig\u00e9 de suivre certaines convenances, en tant que \u00ab presque nouveau \u00bb, ou cela traduisait-il<br>une volont\u00e9 de recentrer la ligne politique par rapport \u00e0 la liste d\u2019union de gauche de 2020, de laquelle il est issu et qui \u00e9tait<br>conduite \u00e0 l\u2019\u00e9poque par l\u2019insoumis JeanLuc Morisset ? Nous penchons sur la premi\u00e8re option, car le milieu et la fin du<br>discours \u00e9taient bien plus combatifs et plus politiques, puis l\u2019interview que nous avons obtenue (et que vous pourrez visionner)<br>beaucoup plus franche. <\/p>\n\n\n\n<p>Thibault Legube reproche l\u2019autoritarisme des maires sortants (M. Herbert, ayant r\u00e9cemment d\u00e9missionn\u00e9 et sa premi\u00e8re adjointe lui ayant succ\u00e9d\u00e9) \u00ab Les d\u00e9cisions impactant l&rsquo;avenir de notre ville ne doivent pas \u00eatre prises par un seul homme mais en<br>collaboration et en consultation avec l&rsquo;ensemble des citoyens \u00bb et propose des commission mixtes \u00e9lus et habitants pour<br>favoriser la participation citoyenne. <\/p>\n\n\n\n<blockquote class=\"wp-block-quote is-layout-flow wp-block-quote-is-layout-flow\">\n<p>\u00ab Le mot r\u00e9inventer est avant tout un appel, un appel \u00e0 ne pas se r\u00e9signer, \u00e0 ne pas subir, \u00e0 ne pas opposer les habitants entre eux. \u00bb<\/p>\n<\/blockquote>\n\n\n\n<p>Peut-\u00eatre aussi que cela traduit la volont\u00e9 de Chauvigny de ne pas \u00eatre vu comme ville dortoir de Poitiers et exister vraiment. \u00ab On<br>est content de faire partie de Grand Poitiers mais on aimerait avoir plus de place (on a que deux conseillers communautaires). \u00bb<\/p>\n\n\n\n<p>D\u2019ailleurs Chauvigny n\u2019est pas qu\u2019une ville car le vaste territoire communal comporte une demi-douzaine de villages et<br>de hameaux rattach\u00e9s, et la liste veut cr\u00e9er un transport en commun sous forme de navettes entre le centre ville et les villages.<br>De m\u00eame que la proposition de budgets participatifs de quartiers est une mani\u00e8re de montrer qu\u2019une vie citoyenne locale<br>est possible.<\/p>\n\n\n\n<h2 class=\"wp-block-heading\">Mais avec quel budget ?<\/h2>\n\n\n\n<p>Mais Thibault Legube a bien conscience des difficult\u00e9s impactant les collectivit\u00e9s locales \u00ab nous ne ferons pas de miracles<br>mais promettrons honn\u00eatet\u00e9 et transparence au service de l\u2019int\u00e9r\u00eat g\u00e9n\u00e9ral \u00bb.<br>\u00ab Concernant le financement de nos propositions, nous sommes bien conscients des baisses de budget des collectivit\u00e9s [\u2026]<br>Il faut se battre \u00e0 notre niveau pour un changement de politique au niveau national et un meilleur traitement des collectivit\u00e9s<br>locales. Les budgets \u00e0 notre disposition seront orient\u00e9s vers nos priorit\u00e9s. Des \u00e9conomies peuvent \u00eatre faites [\u2026 ] avec une<br>meilleure r\u00e9novation \u00e9nerg\u00e9tique des b\u00e2timents publics. Les \u00e9conomies peuvent \u00e9galement \u00eatre faites sur le budget allou\u00e9 \u00e0<br>la communication et sur le recours aux cabinets de conseil. \u00bb<\/p>\n\n\n\n<p>La municipalit\u00e9 sortante de Poitiers pourrait en prendre de la graine ! comme elle se d\u00e9faussait sur ses donneurs de conseils pour justifier leur tentative de fermeture de la r\u00e9sidence \u00c9dith Augustin et sur les questions budg\u00e9taires entre la r\u00e9fection d\u2019un logo ou les sommes d\u00e9bours\u00e9es pour la structure Fr\u00e9quence Commune ou d\u2019autres cabinets pour la consultations sur les halles\u2026<\/p>\n\n\n\n<p>Le peut-\u00eatre futur maire pointait aussi du doigt le co\u00fbt colossal du d\u00e9part du Tour de France de 2020, dont le montant aurait pu<br>financer \u00ab un gymnase ou une halle pour les march\u00e9s. \u00bb <\/p>\n\n\n\n<p>N\u00e9anmoins, le programme est loin d\u2019\u00eatre aust\u00e8re, la commune voulant d\u00e9velopper la culture et M. Legube revendique d\u2019avoir ? ? le directeur d\u2019une salle de spectacle et une musicienne intervenante (NDLR : Fernanda Cabaluz que nous avons interview\u00e9 sur notre cha\u00eene Youtube) et aussi mener une politique de sant\u00e9 au niveau municipal. R\u00e9inventons Chauvigny propose un centre de sant\u00e9 publique : c\u2019est \u00e0 dire un service public de la sant\u00e9, avec tiers payant. Le centre de sant\u00e9 est constitu\u00e9 de professionnels de sant\u00e9 salari\u00e9s et joue un r\u00f4le social. (NDLR : \u00e0 distinguer des maisons de sant\u00e9 qui sont en g\u00e9n\u00e9ral de simples op\u00e9rations immobili\u00e8res de la part des communes et qui visent \u00e0 am\u00e9nager des locaux, mis en location \u00e0 des m\u00e9decins lib\u00e9raux. Ce qui permet certes de faire venir des m\u00e9decins mais ne r\u00e9sout pas fondamentalement tous les probl\u00e8mes de sant\u00e9 publique).<\/p>\n\n\n\n<h2 class=\"wp-block-heading\">R\u00e9inventer Chauvigny, c\u2019est aussi r\u00e9inventer la composition de la liste ?<\/h2>\n\n\n\n<p>Thibaut Legube assure qu\u2019il ne voulait pas d\u2019\u00ab une liste de notables \u00bb et la composition de la liste montre une certaine jeunesse et<br>de la diversit\u00e9, m\u00eame si on sent que la centrale de Civaux n\u2019est pas loin vu le nombre d\u2019employ\u00e9s ou de retrait\u00e9s d\u2019EDF.<\/p>\n\n\n\n<p>Chauvigny a certes eu un maire de droite pendant longtemps, mais vote r\u00e9guli\u00e8rement un peu plus \u00e0 gauche (en proportion) que la moyenne nationale ou d\u00e9partementale aux \u00e9lections nationales. Le maire sortant, par ailleurs m\u00e9decin et pouvant \u00e0 ce titre se faire \u00e9lire \u00ab au-del\u00e0 de ses id\u00e9es politiques \u00bb, ne se repr\u00e9sente pas et a d\u00e9missionn\u00e9. La liste de gauche revendique son implantation locale et le travail effectu\u00e9 depuis 6 ans. M\u00eame si elle n\u2019affiche pas ostensiblement les soutiens partisans, elle revendique d\u2019avoir des candidats de presque toutes les sensibilit\u00e9s de gauche et m\u00eame au-del\u00e0 (avec des soutiens de Place Publique). Elle a peut\u00eatre toutes ses chances de l\u2019emporter cette<br>fois-ci.<\/p>\n\n\n\n<p class=\"has-text-align-right\"><strong>T.S.<\/strong><\/p>\n","protected":false},"excerpt":{"rendered":"<p>Thibaut Legube conseiller municipal d\u2019opposition \u00e0 Chauvigny, conduit une liste d\u2019union de la gauche \u00ab R\u00e9inventons Chauvigny \u00bb qui pourrait ravir la maire \u00e0 la [&hellip;]<\/p>\n","protected":false},"author":1,"featured_media":118,"comment_status":"open","ping_status":"open","sticky":false,"template":"","format":"standard","meta":{"_monsterinsights_skip_tracking":false,"_monsterinsights_sitenote_active":false,"_monsterinsights_sitenote_note":"","_monsterinsights_sitenote_category":0,"_themeisle_gutenberg_block_has_review":false,"footnotes":""},"categories":[12],"tags":[],"class_list":["post-117","post","type-post","status-publish","format-standard","has-post-thumbnail","hentry","category-poitiers"],"aioseo_notices":[],"_links":{"self":[{"href":"https:\/\/le30.info\/index.php\/wp-json\/wp\/v2\/posts\/117","targetHints":{"allow":["GET"]}}],"collection":[{"href":"https:\/\/le30.info\/index.php\/wp-json\/wp\/v2\/posts"}],"about":[{"href":"https:\/\/le30.info\/index.php\/wp-json\/wp\/v2\/types\/post"}],"author":[{"embeddable":true,"href":"https:\/\/le30.info\/index.php\/wp-json\/wp\/v2\/users\/1"}],"replies":[{"embeddable":true,"href":"https:\/\/le30.info\/index.php\/wp-json\/wp\/v2\/comments?post=117"}],"version-history":[{"count":1,"href":"https:\/\/le30.info\/index.php\/wp-json\/wp\/v2\/posts\/117\/revisions"}],"predecessor-version":[{"id":119,"href":"https:\/\/le30.info\/index.php\/wp-json\/wp\/v2\/posts\/117\/revisions\/119"}],"wp:featuredmedia":[{"embeddable":true,"href":"https:\/\/le30.info\/index.php\/wp-json\/wp\/v2\/media\/118"}],"wp:attachment":[{"href":"https:\/\/le30.info\/index.php\/wp-json\/wp\/v2\/media?parent=117"}],"wp:term":[{"taxonomy":"category","embeddable":true,"href":"https:\/\/le30.info\/index.php\/wp-json\/wp\/v2\/categories?post=117"},{"taxonomy":"post_tag","embeddable":true,"href":"https:\/\/le30.info\/index.php\/wp-json\/wp\/v2\/tags?post=117"}],"curies":[{"name":"wp","href":"https:\/\/api.w.org\/{rel}","templated":true}]}}